{"id":1927,"date":"2021-10-03T09:24:00","date_gmt":"2021-10-03T12:24:00","guid":{"rendered":"http:\/\/inaff.org.br\/insulina\/?p=1927"},"modified":"2021-10-27T09:36:20","modified_gmt":"2021-10-27T12:36:20","slug":"riograndedonorte","status":"publish","type":"post","link":"http:\/\/inaff.org.br\/insulina\/riograndedonorte\/","title":{"rendered":"RIO GRANDE DO NORTE | 04\/10\/2021"},"content":{"rendered":"\t\t<div data-elementor-type=\"wp-post\" data-elementor-id=\"1927\" class=\"elementor elementor-1927\" data-elementor-settings=\"[]\">\n\t\t\t\t\t\t<div class=\"elementor-inner\">\n\t\t\t\t\t\t\t<div class=\"elementor-section-wrap\">\n\t\t\t\t\t\t\t<section class=\"elementor-section elementor-top-section elementor-element elementor-element-4840b04 elementor-section-boxed elementor-section-height-default elementor-section-height-default\" data-id=\"4840b04\" data-element_type=\"section\">\n\t\t\t\t\t\t<div class=\"elementor-container elementor-column-gap-default\">\n\t\t\t\t\t\t\t<div class=\"elementor-row\">\n\t\t\t\t\t<div class=\"elementor-column elementor-col-100 elementor-top-column elementor-element elementor-element-13cd60f\" data-id=\"13cd60f\" data-element_type=\"column\">\n\t\t\t<div class=\"elementor-column-wrap elementor-element-populated\">\n\t\t\t\t\t\t\t<div class=\"elementor-widget-wrap\">\n\t\t\t\t\t\t<div class=\"elementor-element elementor-element-a4f5fdf elementor-widget elementor-widget-text-editor\" data-id=\"a4f5fdf\" data-element_type=\"widget\" data-widget_type=\"text-editor.default\">\n\t\t\t\t<div class=\"elementor-widget-container\">\n\t\t\t\t\t<div class=\"elementor-text-editor elementor-clearfix\"><p><b>PARAN\u00c1 PROMOVE QUALIFICA\u00c7\u00c3O DA ATEN\u00c7\u00c3O \u00c0 DIABETES PARA PROFISSIONAIS DO SUS<\/b><\/p><p><span style=\"font-weight: 400;\">Profissionais da sa\u00fade e gestores do Estado do Paran\u00e1 ter\u00e3o a oportunidade de participar do treinamento sobre Seguran\u00e7a do Paciente com Diabetes na Administra\u00e7\u00e3o de Insulina no dia 03 de novembro, quarta-feira, de forma totalmente online e gratuita. Profissionais da Secretaria de Sa\u00fade do Estado do Paran\u00e1 ser\u00e3o liberados para realizar o treinamento ao vivo das 14h \u00e0s 18h. Inscri\u00e7\u00f5es podem ser feitas atrav\u00e9s do link: <a href=\"https:\/\/mailchi.mp\/inaff\/insulina_pr\">https:\/\/mailchi.mp\/inaff\/insulina_pr<\/a><\/span><\/p><p><span style=\"font-weight: 400;\">O curso ser\u00e1 promovido pelo Instituto Nacional de Assist\u00eancia Farmac\u00eautica e Farmacoeconomia (INAFF) em parceria com o Minist\u00e9rio da Sa\u00fade, Secretaria Estadual de Sa\u00fade do Paran\u00e1 e com apoio do Cosems Paran\u00e1 e da farmac\u00eautica Novo Nordisk, e conta com profissionais e pesquisadores de refer\u00eancia na Educa\u00e7\u00e3o em Diabetes. A certifica\u00e7\u00e3o para os participantes ocorre ap\u00f3s a participa\u00e7\u00e3o no encontro ao vivo e desenvolvimento das atividades na plataforma de educa\u00e7\u00e3o \u00e0 dist\u00e2ncia do INAFF.<\/span><\/p><p><span style=\"font-weight: 400;\">A iniciativa pretende capacitar farmac\u00eauticos e outros profissionais da sa\u00fade no \u00e2mbito da aten\u00e7\u00e3o b\u00e1sica, quanto ao uso do dispositivo Caneta de Insulina humana NPH ou regular, dispon\u00edvel no SUS para pacientes com Diabetes mellitus tipo 1 e tipo 2, com necessidade de insulinoterapia. Atualmente a popula\u00e7\u00e3o eleg\u00edvel para uso da caneta s\u00e3o pacientes de at\u00e9 19 anos ou acima de 50 anos, como indica a nova nota t\u00e9cnica N\u00ba 84\/2021-CGAFB\/DAF\/SCTIE\/MS. A medida visou promover a expans\u00e3o de acesso ao dispositivo em resposta ao maior risco de agravamento nos casos do novo Coronav\u00edrus entre os pacientes com diabetes.<\/span><\/p><p><span style=\"font-weight: 400;\">Prof. Lindemberg Assun\u00e7\u00e3o Costa, coordenador do curso, indica que o farmac\u00eautico tem autonomia para dispensar a caneta de insulina, mesmo que o dispositivo n\u00e3o esteja escrito explicitamente na prescri\u00e7\u00e3o. <\/span><\/p><blockquote><p><span style=\"font-weight: 400;\">\u201cO profissional pode analisar as demandas do prescritor e disponibilizar ao paciente o medicamento e dispositivo que melhor se adequa ao paciente, considerando os crit\u00e9rios estabelecidos nas notas t\u00e9cnicas do Minist\u00e9rio da Sa\u00fade\u201d.<\/span><\/p><\/blockquote><p><span style=\"font-weight: 400;\">O pesquisador da Faculdade de Farm\u00e1cia da UFBA ressalta, ainda, que o profissional deve capacitar e educar o paciente quanto \u00e0 utiliza\u00e7\u00e3o adequada das canetas.<\/span><\/p><p><span style=\"font-weight: 400;\">O curso fornece as ferramentas para esses profissionais atuarem na educa\u00e7\u00e3o dos pacientes, promovendo maior acesso \u00e0 tecnologia e melhorando a ades\u00e3o ao tratamento.<\/span><\/p><p><span style=\"font-weight: 400;\">Este curso ser\u00e1 totalmente gratuito para os profissionais da sa\u00fade dos munic\u00edpios do Paran\u00e1. Todo material do curso (v\u00eddeo-aulas, material did\u00e1tico e acesso a plataforma EAD do INAFF) ficar\u00e1 dispon\u00edvel para acesso em nosso site.<\/span><\/p><p><span style=\"font-weight: 400;\">Quanto: Gratuito<\/span><\/p><p><span style=\"font-weight: 400;\">Quando: 05 de novembro de 2021, das 14h \u00e0s 18h.<\/span><\/p><p><span style=\"font-weight: 400;\">Inscri\u00e7\u00f5es: <\/span><a href=\"https:\/\/mailchi.mp\/inaff\/insulina_pr\"><span style=\"font-weight: 400;\">https:\/\/mailchi.mp\/inaff\/insulina_pr<\/span><\/a><span style=\"font-weight: 400;\">\u00a0<\/span><\/p><p><span style=\"font-weight: 400;\">Colocamo-nos \u00e0 disposi\u00e7\u00e3o por meio de correio eletr\u00f4nico ou telefone para maiores esclarecimentos: E-mail: ensino@inaff.org.br, telefone: +55 (71) 3561.0260 (Whatsapp).<\/span><\/p><\/div>\n\t\t\t\t<\/div>\n\t\t\t\t<\/div>\n\t\t\t\t\t\t<\/div>\n\t\t\t\t\t<\/div>\n\t\t<\/div>\n\t\t\t\t\t\t\t\t<\/div>\n\t\t\t\t\t<\/div>\n\t\t<\/section>\n\t\t\t\t\t\t<\/div>\n\t\t\t\t\t\t<\/div>\n\t\t\t\t\t<\/div>\n\t\t","protected":false},"excerpt":{"rendered":"<p>Profissionais da sa\u00fade e gestores do Estado do Paran\u00e1 ter\u00e3o a oportunidade de participar do treinamento sobre Seguran\u00e7a do Paciente com Diabetes na Administra\u00e7\u00e3o de Insulina no dia 03 de novembro, quarta-feira, de forma totalmente online e gratuita.<\/p>\n","protected":false},"author":1,"featured_media":1933,"comment_status":"open","ping_status":"open","sticky":false,"template":"","format":"standard","meta":[],"categories":[1],"tags":[],"_links":{"self":[{"href":"http:\/\/inaff.org.br\/insulina\/wp-json\/wp\/v2\/posts\/1927"}],"collection":[{"href":"http:\/\/inaff.org.br\/insulina\/wp-json\/wp\/v2\/posts"}],"about":[{"href":"http:\/\/inaff.org.br\/insulina\/wp-json\/wp\/v2\/types\/post"}],"author":[{"embeddable":true,"href":"http:\/\/inaff.org.br\/insulina\/wp-json\/wp\/v2\/users\/1"}],"replies":[{"embeddable":true,"href":"http:\/\/inaff.org.br\/insulina\/wp-json\/wp\/v2\/comments?post=1927"}],"version-history":[{"count":9,"href":"http:\/\/inaff.org.br\/insulina\/wp-json\/wp\/v2\/posts\/1927\/revisions"}],"predecessor-version":[{"id":1937,"href":"http:\/\/inaff.org.br\/insulina\/wp-json\/wp\/v2\/posts\/1927\/revisions\/1937"}],"wp:featuredmedia":[{"embeddable":true,"href":"http:\/\/inaff.org.br\/insulina\/wp-json\/wp\/v2\/media\/1933"}],"wp:attachment":[{"href":"http:\/\/inaff.org.br\/insulina\/wp-json\/wp\/v2\/media?parent=1927"}],"wp:term":[{"taxonomy":"category","embeddable":true,"href":"http:\/\/inaff.org.br\/insulina\/wp-json\/wp\/v2\/categories?post=1927"},{"taxonomy":"post_tag","embeddable":true,"href":"http:\/\/inaff.org.br\/insulina\/wp-json\/wp\/v2\/tags?post=1927"}],"curies":[{"name":"wp","href":"https:\/\/api.w.org\/{rel}","templated":true}]}}