{"id":1469,"date":"2021-05-16T10:24:00","date_gmt":"2021-05-16T13:24:00","guid":{"rendered":"http:\/\/inaff.org.br\/insulina\/?p=1469"},"modified":"2021-05-27T10:13:49","modified_gmt":"2021-05-27T13:13:49","slug":"paraiba-16-06-2021","status":"publish","type":"post","link":"http:\/\/inaff.org.br\/insulina\/paraiba-16-06-2021\/","title":{"rendered":"PARA\u00cdBA | 16\/06\/2021"},"content":{"rendered":"\n<p><strong>PARA\u00cdBA PROMOVE QUALIFICA\u00c7\u00c3O DA ATEN\u00c7\u00c3O \u00c0 DIABETES PARA PROFISSIONAIS DO SUS<\/strong><\/p>\n\n\n\n<p>Profissionais da sa\u00fade e gestores do Estado da  Para\u00edba ter\u00e3o a oportunidade de participar do treinamento sobre Seguran\u00e7a do Paciente com Diabetes na Administra\u00e7\u00e3o de Insulina no dia <strong>16 de junho<\/strong>, quinta-feira, de forma totalmente online e gratuita. Profissionais da Secretaria de Sa\u00fade do Estado da Para\u00edba ser\u00e3o liberados para realizar o treinamento ao vivo das 14h \u00e0s 18h. Inscri\u00e7\u00f5es podem ser feitas atrav\u00e9s do link: <a href=\"https:\/\/mailchi.mp\/inaff\/insulinaba\/\"><\/a><a href=\"https:\/\/mailchi.mp\/inaff\/insulinapb\">https:\/\/mailchi.mp\/inaff\/insulinapb<\/a><\/p>\n\n\n\n<p>O curso ser\u00e1 promovido pelo Instituto Nacional de Assist\u00eancia Farmac\u00eautica e Farmacoeconomia (INAFF) em parceria com o Minist\u00e9rio da Sa\u00fade, Secretaria Estadual de Sa\u00fade da Para\u00edba, Conselho Estadual dos Secret\u00e1rios Municipais de Sa\u00fade da Para\u00edba \u2013 COSEMS\/PB e com apoio da farmac\u00eautica Novo Nordisk, e conta com profissionais e pesquisadores de refer\u00eancia na Educa\u00e7\u00e3o em Diabetes. A certifica\u00e7\u00e3o para os participantes ocorre ap\u00f3s a participa\u00e7\u00e3o no encontro ao vivo e desenvolvimento das atividades na plataforma de educa\u00e7\u00e3o \u00e0 dist\u00e2ncia do INAFF.<\/p>\n\n\n\n<p>A iniciativa pretende capacitar farmac\u00eauticos e outros profissionais da sa\u00fade no \u00e2mbito da aten\u00e7\u00e3o b\u00e1sica, quanto ao uso do dispositivo Caneta de Insulina humana NPH ou regular, dispon\u00edvel no SUS para pacientes com Diabetes mellitus tipo 1 e tipo 2, com necessidade de insulinoterapia. Atualmente a popula\u00e7\u00e3o eleg\u00edvel para uso da caneta s\u00e3o pacientes de at\u00e9 19 anos ou acima de 50 anos, como indica a nova nota t\u00e9cnica<strong> <\/strong>N\u00ba 84\/2021-CGAFB\/DAF\/SCTIE\/MS. A medida visou promover a expans\u00e3o de acesso ao dispositivo em resposta ao maior risco de agravamento nos casos do novo Coronav\u00edrus entre os pacientes com diabetes.<\/p>\n\n\n\n<p>Prof. Lindemberg Assun\u00e7\u00e3o Costa, coordenador do curso, indica que o farmac\u00eautico tem autonomia para dispensar a caneta de insulina, mesmo que o dispositivo n\u00e3o esteja escrito explicitamente na prescri\u00e7\u00e3o.<\/p>\n\n\n\n<blockquote class=\"wp-block-quote\"><p>\u201cO profissional pode analisar as demandas do prescritor e disponibilizar ao paciente o medicamento e dispositivo que melhor se adequa ao paciente, considerando os crit\u00e9rios estabelecidos nas notas t\u00e9cnicas do Minist\u00e9rio da Sa\u00fade\u201d.<\/p><\/blockquote>\n\n\n\n<p>O pesquisador e professor da Faculdade de Farm\u00e1cia da UFBA ressalta, ainda, que o profissional deve capacitar e educar o paciente quanto \u00e0 utiliza\u00e7\u00e3o adequada das canetas.<\/p>\n\n\n\n<p>O curso fornece as ferramentas para esses profissionais atuarem na educa\u00e7\u00e3o dos pacientes, promovendo maior acesso \u00e0 tecnologia e melhorando a ades\u00e3o ao tratamento.<\/p>\n\n\n\n<p><strong>Este curso ser\u00e1 totalmente gratuito para os profissionais da sa\u00fade dos munic\u00edpios da Para\u00edba.<\/strong> Todo material do curso (v\u00eddeo-aulas, material did\u00e1tico e acesso a plataforma EAD do INAFF) ficar\u00e1 dispon\u00edvel para acesso em nosso site.<\/p>\n\n\n\n<div class=\"wp-block-group\"><div class=\"wp-block-group__inner-container\">\n<p>Quanto: Gratuito<\/p>\n\n\n\n<p>Quando: <strong>16 de junho<\/strong> de 2021, das 14h \u00e0s 18h.<\/p>\n\n\n\n<p>Inscri\u00e7\u00f5es: <a href=\"https:\/\/mailchi.mp\/inaff\/insulinapb\">https:\/\/mailchi.mp\/inaff\/insulinapb<\/a><\/p>\n\n\n\n<p>Colocamo-nos \u00e0 disposi\u00e7\u00e3o por meio de correio eletr\u00f4nico ou telefone para maiores esclarecimentos: E-mail: <a href=\"mailto:secretaria.executiva@inaff.org.br\">secretaria.executiva@inaff.org.br<\/a>, telefone: <a href=\"https:\/\/wa.me\/message\/UYKNACK3EU46K1\">+55 (71) 3561.0260 (Whatsapp)<\/a>.<\/p>\n<\/div><\/div>\n","protected":false},"excerpt":{"rendered":"<p>Profissionais da sa\u00fade e gestores do Estado da Para\u00edba ter\u00e3o a oportunidade de participar do treinamento sobre Seguran\u00e7a do Paciente com Diabetes na Administra\u00e7\u00e3o de Insulina no dia 22 de abril, quinta-feira, de forma totalmente online e gratuita.<\/p>\n","protected":false},"author":1,"featured_media":1659,"comment_status":"open","ping_status":"open","sticky":false,"template":"","format":"standard","meta":[],"categories":[5],"tags":[],"_links":{"self":[{"href":"http:\/\/inaff.org.br\/insulina\/wp-json\/wp\/v2\/posts\/1469"}],"collection":[{"href":"http:\/\/inaff.org.br\/insulina\/wp-json\/wp\/v2\/posts"}],"about":[{"href":"http:\/\/inaff.org.br\/insulina\/wp-json\/wp\/v2\/types\/post"}],"author":[{"embeddable":true,"href":"http:\/\/inaff.org.br\/insulina\/wp-json\/wp\/v2\/users\/1"}],"replies":[{"embeddable":true,"href":"http:\/\/inaff.org.br\/insulina\/wp-json\/wp\/v2\/comments?post=1469"}],"version-history":[{"count":4,"href":"http:\/\/inaff.org.br\/insulina\/wp-json\/wp\/v2\/posts\/1469\/revisions"}],"predecessor-version":[{"id":1664,"href":"http:\/\/inaff.org.br\/insulina\/wp-json\/wp\/v2\/posts\/1469\/revisions\/1664"}],"wp:featuredmedia":[{"embeddable":true,"href":"http:\/\/inaff.org.br\/insulina\/wp-json\/wp\/v2\/media\/1659"}],"wp:attachment":[{"href":"http:\/\/inaff.org.br\/insulina\/wp-json\/wp\/v2\/media?parent=1469"}],"wp:term":[{"taxonomy":"category","embeddable":true,"href":"http:\/\/inaff.org.br\/insulina\/wp-json\/wp\/v2\/categories?post=1469"},{"taxonomy":"post_tag","embeddable":true,"href":"http:\/\/inaff.org.br\/insulina\/wp-json\/wp\/v2\/tags?post=1469"}],"curies":[{"name":"wp","href":"https:\/\/api.w.org\/{rel}","templated":true}]}}