{"id":1,"date":"2021-03-03T16:21:00","date_gmt":"2021-03-03T19:21:00","guid":{"rendered":"http:\/\/inaff.org.br\/insulina\/?p=1"},"modified":"2021-03-10T10:07:10","modified_gmt":"2021-03-10T13:07:10","slug":"pernambuco","status":"publish","type":"post","link":"http:\/\/inaff.org.br\/insulina\/pernambuco\/","title":{"rendered":"PERNAMBUCO | 11\/03\/2021"},"content":{"rendered":"\n<p><strong>PERNAMBUCO PROMOVE QUALIFICA\u00c7\u00c3O DA ATEN\u00c7\u00c3O \u00c0 DIABETES PARA PROFISSIONAIS DO SUS<\/strong><\/p>\n\n\n\n<p>Profissionais da sa\u00fade e gestores de Pernambuco ter\u00e3o a oportunidade de participar do treinamento sobre Seguran\u00e7a do Paciente com Diabetes na Administra\u00e7\u00e3o de Insulina no dia 11 de mar\u00e7o, quinta-feira, de forma totalmente online e gratuita. Profissionais da Secretaria de Sa\u00fade do Estado de Pernambuco ser\u00e3o liberados para realizar o treinamento ao vivo das 14h \u00e0s 18h. Inscri\u00e7\u00f5es podem ser feitas atrav\u00e9s do link <a href=\"https:\/\/mailchi.mp\/inaff\/insulinape\">https:\/\/mailchi.mp\/inaff\/insulinape<\/a>.<\/p>\n\n\n\n<p>O curso ser\u00e1 promovido pelo Instituto Nacional de Assist\u00eancia Farmac\u00eautica e Farmacoeconomia (INAFF) em parceria com o Minist\u00e9rio da Sa\u00fade, e apoio da farmac\u00eautica Novo Nordisk, e conta com profissionais e pesquisadores de refer\u00eancia na Educa\u00e7\u00e3o em Diabetes. A certifica\u00e7\u00e3o para os participantes ocorre ap\u00f3s a participa\u00e7\u00e3o no encontro ao vivo e desenvolvimento das atividades na plataforma de educa\u00e7\u00e3o \u00e0 dist\u00e2ncia do INAFF.<\/p>\n\n\n\n<p>A iniciativa pretende capacitar farmac\u00eauticos e outros profissionais da sa\u00fade quanto ao uso do dispositivo Caneta de Insulina humana NPH ou regular, dispon\u00edvel no SUS para pacientes com<em> Diabetes mellitus<\/em> tipo 1 e tipo 2, com necessidade de insulinoterapia. Atualmente a popula\u00e7\u00e3o eleg\u00edvel para uso da caneta s\u00e3o pacientes de at\u00e9 19 anos ou acima de 50 anos, como indica a mais nova nota t\u00e9cnica, que ser\u00e1 publicada ainda neste m\u00eas. A medida visou promover a expans\u00e3o de acesso ao dispositivo em resposta ao maior risco de agravamento nos casos do novo Coronav\u00edrus entre os pacientes com diabetes.<\/p>\n\n\n\n<p>A caneta de insulina, apesar de ser uma tecnologia nova j\u00e1 dispon\u00edvel para uso, est\u00e1 sendo subutilizada dentro dos servi\u00e7os. Para o diretor geral de Assist\u00eancia Farmac\u00eautica do Estado de Pernambuco, M\u00e1rio Moreira, o curso fornecer\u00e1 autonomia aos profissionais do estado.<\/p>\n\n\n\n<blockquote class=\"wp-block-quote\"><p>\u201c\u00c9 muito importante para que a gente possa permitir ao profissional de sa\u00fade conhecer essa nova tecnologia, desmistificar algumas quest\u00f5es e fazer chegar \u00e0 ponta a informa\u00e7\u00e3o necess\u00e1ria para que a gente possa qualificar nossos profissionais ainda mais na linha de frente de aten\u00e7\u00e3o ao diabetes\u201d, relata.<\/p><\/blockquote>\n\n\n\n<p>Prof. Lindemberg Assun\u00e7\u00e3o Costa, coordenador do curso, indica que o farmac\u00eautico tem autonomia para dispensar a caneta de insulina, mesmo que o dispositivo n\u00e3o esteja escrito explicitamente na prescri\u00e7\u00e3o. \u201cO profissional pode analisar as demandas do prescritor e disponibilizar ao paciente o medicamento e dispositivo que melhor se adequa ao paciente, considerando os crit\u00e9rios estabelecidos nas notas t\u00e9cnicas do Minist\u00e9rio da Sa\u00fade\u201d. o pesquisador da Faculdade de Farm\u00e1cia da UFBA ressalta, ainda, que o profissional deve capacitar e educar o paciente quanto a utiliza\u00e7\u00e3o adequada das canetas. <\/p>\n\n\n\n<blockquote class=\"wp-block-quote\"><p>\u201cO curso fornece as ferramentas para esses profissionais atuarem na educa\u00e7\u00e3o dos pacientes, promovendo maior acesso a tecnologia e melhorando a ades\u00e3o ao tratamento\u201d, finaliza.<\/p><\/blockquote>\n\n\n\n<p><strong>SERVI\u00c7O<\/strong><\/p>\n\n\n\n<p>O qu\u00ea: <strong>Curso Online sobre Seguran\u00e7a do Paciente com Diabetes na Administra\u00e7\u00e3o de Insulina<\/strong><\/p>\n\n\n\n<p>Quanto: <strong>Gratuito<\/strong><\/p>\n\n\n\n<p>Quando: <strong>11 de mar\u00e7o de 2021, das 14h \u00e0s 18h.<\/strong><\/p>\n\n\n\n<p>Inscri\u00e7\u00f5es: <a href=\"https:\/\/mailchi.mp\/inaff\/insulinape\">https:\/\/mailchi.mp\/inaff\/insulinape<\/a>&nbsp;<\/p>\n","protected":false},"excerpt":{"rendered":"<p>Profissionais da sa\u00fade e gestores de Pernambuco ter\u00e3o a oportunidade de participar do treinamento sobre Seguran\u00e7a do Paciente com Diabetes na Administra\u00e7\u00e3o de Insulina no dia 11 de mar\u00e7o, quinta-feira, de forma totalmente online e gratuita. <\/p>\n","protected":false},"author":1,"featured_media":1239,"comment_status":"open","ping_status":"open","sticky":false,"template":"","format":"standard","meta":[],"categories":[5],"tags":[],"_links":{"self":[{"href":"http:\/\/inaff.org.br\/insulina\/wp-json\/wp\/v2\/posts\/1"}],"collection":[{"href":"http:\/\/inaff.org.br\/insulina\/wp-json\/wp\/v2\/posts"}],"about":[{"href":"http:\/\/inaff.org.br\/insulina\/wp-json\/wp\/v2\/types\/post"}],"author":[{"embeddable":true,"href":"http:\/\/inaff.org.br\/insulina\/wp-json\/wp\/v2\/users\/1"}],"replies":[{"embeddable":true,"href":"http:\/\/inaff.org.br\/insulina\/wp-json\/wp\/v2\/comments?post=1"}],"version-history":[{"count":7,"href":"http:\/\/inaff.org.br\/insulina\/wp-json\/wp\/v2\/posts\/1\/revisions"}],"predecessor-version":[{"id":1237,"href":"http:\/\/inaff.org.br\/insulina\/wp-json\/wp\/v2\/posts\/1\/revisions\/1237"}],"wp:featuredmedia":[{"embeddable":true,"href":"http:\/\/inaff.org.br\/insulina\/wp-json\/wp\/v2\/media\/1239"}],"wp:attachment":[{"href":"http:\/\/inaff.org.br\/insulina\/wp-json\/wp\/v2\/media?parent=1"}],"wp:term":[{"taxonomy":"category","embeddable":true,"href":"http:\/\/inaff.org.br\/insulina\/wp-json\/wp\/v2\/categories?post=1"},{"taxonomy":"post_tag","embeddable":true,"href":"http:\/\/inaff.org.br\/insulina\/wp-json\/wp\/v2\/tags?post=1"}],"curies":[{"name":"wp","href":"https:\/\/api.w.org\/{rel}","templated":true}]}}